{"id":416,"date":"2026-04-26T17:57:51","date_gmt":"2026-04-26T17:57:51","guid":{"rendered":"https:\/\/kgv-am-equipagenweg.de\/press\/?p=416"},"modified":"2026-04-26T17:57:51","modified_gmt":"2026-04-26T17:57:51","slug":"mithilfe-erbeten","status":"publish","type":"post","link":"https:\/\/kgv-am-equipagenweg.de\/press\/mithilfe-erbeten\/","title":{"rendered":"Mithilfe erbeten!"},"content":{"rendered":"\n<p>Liebe Gartenfreunde, <\/p>\n\n\n\n<p>Parzelle Nr. 17 wurde neu verpachtet und bedarf unserer Unterst\u00fctzung.<\/p>\n\n\n\n<p>F\u00fcr <strong>Samstag den 06.06.2026, ab 12 Uhr<\/strong>, werden helfende H\u00e4nde gebraucht, um <strong>Gr\u00fcnschnitt und Wurzeln<\/strong> zu beseitigen.<br>Bitte bringt Arbeitsmaterial mit (Spaten, Schubkarre, Scheren oder gerne auch, wer hat, einen Minibagger).<\/p>\n\n\n\n<p>Am <strong>Freitag dem 12.06.2026, ab 10 Uhr<\/strong>, werden Helfer gebraucht, f\u00fcr die <strong>Entr\u00fcmpelung der Laube<\/strong> und umherliegenden \u201eSchutt\u201c.<\/p>\n\n\n\n<p><strong>Bitte gebt mir bis Samstag, den 30.05.2026, Bescheid<\/strong>, ob wir mit euch wir rechnen d\u00fcrfen.<br><br>Schriftf\u00fchrerin:<br>Franziska Just<br>Tel: 01772576386 Anruf oder WhatsApp<\/p>\n\n\n\n<p>Wir hoffen auf viele Helfer, um die Parzelle schnellstens wieder in einen normalen Zustand zu versetzen.<\/p>\n\n\n\n<p>Euer Vorstand<\/p>\n","protected":false},"excerpt":{"rendered":"<p>Liebe Gartenfreunde, Parzelle Nr. 17 wurde neu verpachtet und bedarf unserer Unterst\u00fctzung. F\u00fcr Samstag den 06.06.2026, ab 12 Uhr, werden helfende H\u00e4nde gebraucht, um Gr\u00fcnschnitt und Wurzeln zu beseitigen.Bitte bringt Arbeitsmaterial mit (Spaten, Schubkarre, Scheren oder gerne auch, wer hat, einen Minibagger). Am Freitag dem 12.06.2026, ab 10 Uhr, werden Helfer gebraucht, f\u00fcr die Entr\u00fcmpelung&hellip; <br \/> <a class=\"read-more\" href=\"https:\/\/kgv-am-equipagenweg.de\/press\/mithilfe-erbeten\/\">Weiterlesen<\/a><\/p>\n","protected":false},"author":3,"featured_media":0,"comment_status":"closed","ping_status":"","sticky":false,"template":"","format":"standard","meta":{"footnotes":""},"categories":[5],"tags":[],"class_list":["post-416","post","type-post","status-publish","format-standard","hentry","category-aktuelles"],"_links":{"self":[{"href":"https:\/\/kgv-am-equipagenweg.de\/press\/wp-json\/wp\/v2\/posts\/416","targetHints":{"allow":["GET"]}}],"collection":[{"href":"https:\/\/kgv-am-equipagenweg.de\/press\/wp-json\/wp\/v2\/posts"}],"about":[{"href":"https:\/\/kgv-am-equipagenweg.de\/press\/wp-json\/wp\/v2\/types\/post"}],"author":[{"embeddable":true,"href":"https:\/\/kgv-am-equipagenweg.de\/press\/wp-json\/wp\/v2\/users\/3"}],"replies":[{"embeddable":true,"href":"https:\/\/kgv-am-equipagenweg.de\/press\/wp-json\/wp\/v2\/comments?post=416"}],"version-history":[{"count":1,"href":"https:\/\/kgv-am-equipagenweg.de\/press\/wp-json\/wp\/v2\/posts\/416\/revisions"}],"predecessor-version":[{"id":417,"href":"https:\/\/kgv-am-equipagenweg.de\/press\/wp-json\/wp\/v2\/posts\/416\/revisions\/417"}],"wp:attachment":[{"href":"https:\/\/kgv-am-equipagenweg.de\/press\/wp-json\/wp\/v2\/media?parent=416"}],"wp:term":[{"taxonomy":"category","embeddable":true,"href":"https:\/\/kgv-am-equipagenweg.de\/press\/wp-json\/wp\/v2\/categories?post=416"},{"taxonomy":"post_tag","embeddable":true,"href":"https:\/\/kgv-am-equipagenweg.de\/press\/wp-json\/wp\/v2\/tags?post=416"}],"curies":[{"name":"wp","href":"https:\/\/api.w.org\/{rel}","templated":true}]}}